{"id":379,"date":"2019-03-31T14:35:00","date_gmt":"2019-03-31T14:35:00","guid":{"rendered":"https:\/\/fecht-club-ravenstein.de\/?p=379"},"modified":"2019-11-17T14:49:56","modified_gmt":"2019-11-17T14:49:56","slug":"lea-und-alicia","status":"publish","type":"post","link":"http:\/\/fecht-club.de\/index.php\/2019\/03\/31\/lea-und-alicia\/","title":{"rendered":"Lea und Alicia"},"content":{"rendered":"\n<p>Geschafft&#8230;.<br>Am Samstag haben unsere J\u00fcngsten ihr erstes gro\u00dfes Turnier gefochten.&nbsp;<br>Lea und Alicia sicherten sich beide die oberen Podestpl\u00e4tze.<br>Lea durfte sich \u00fcber Silber und Alicia \u00fcber eine Goldmedaille freuen. So kann man ins Fechterleben&nbsp;&nbsp;\ud83e\udd3a&nbsp;starten.<br>Gl\u00fcckwunsch euch 2&nbsp;\ud83d\udc4d\ud83c\udffb\ud83d\ude00\ud83d\ude00\ud83d\ude00<\/p>\n","protected":false},"excerpt":{"rendered":"<p>Geschafft&#8230;.Am Samstag haben unsere J\u00fcngsten ihr erstes gro\u00dfes Turnier gefochten.&nbsp;Lea und Alicia sicherten sich beide die oberen Podestpl\u00e4tze.Lea durfte sich \u00fcber Silber [&hellip;]<\/p>\n","protected":false},"author":1,"featured_media":380,"comment_status":"closed","ping_status":"closed","sticky":false,"template":"","format":"standard","meta":{"footnotes":""},"categories":[],"tags":[],"class_list":["post-379","post","type-post","status-publish","format-standard","has-post-thumbnail","hentry"],"_links":{"self":[{"href":"http:\/\/fecht-club.de\/index.php\/wp-json\/wp\/v2\/posts\/379","targetHints":{"allow":["GET"]}}],"collection":[{"href":"http:\/\/fecht-club.de\/index.php\/wp-json\/wp\/v2\/posts"}],"about":[{"href":"http:\/\/fecht-club.de\/index.php\/wp-json\/wp\/v2\/types\/post"}],"author":[{"embeddable":true,"href":"http:\/\/fecht-club.de\/index.php\/wp-json\/wp\/v2\/users\/1"}],"replies":[{"embeddable":true,"href":"http:\/\/fecht-club.de\/index.php\/wp-json\/wp\/v2\/comments?post=379"}],"version-history":[{"count":2,"href":"http:\/\/fecht-club.de\/index.php\/wp-json\/wp\/v2\/posts\/379\/revisions"}],"predecessor-version":[{"id":386,"href":"http:\/\/fecht-club.de\/index.php\/wp-json\/wp\/v2\/posts\/379\/revisions\/386"}],"wp:featuredmedia":[{"embeddable":true,"href":"http:\/\/fecht-club.de\/index.php\/wp-json\/wp\/v2\/media\/380"}],"wp:attachment":[{"href":"http:\/\/fecht-club.de\/index.php\/wp-json\/wp\/v2\/media?parent=379"}],"wp:term":[{"taxonomy":"category","embeddable":true,"href":"http:\/\/fecht-club.de\/index.php\/wp-json\/wp\/v2\/categories?post=379"},{"taxonomy":"post_tag","embeddable":true,"href":"http:\/\/fecht-club.de\/index.php\/wp-json\/wp\/v2\/tags?post=379"}],"curies":[{"name":"wp","href":"https:\/\/api.w.org\/{rel}","templated":true}]}}